{"id":1418,"date":"2018-11-14T16:53:03","date_gmt":"2018-11-14T14:53:03","guid":{"rendered":"http:\/\/las-akustika.lt\/?p=1418"},"modified":"2018-11-15T10:27:09","modified_gmt":"2018-11-15T08:27:09","slug":"tarptautine-akustines-optikos-ir-taikymu-mokykla-2019-m-birzelio-24-27-torune-lenkija","status":"publish","type":"post","link":"https:\/\/las-akustika.lt\/index.php\/2018\/11\/14\/tarptautine-akustines-optikos-ir-taikymu-mokykla-2019-m-birzelio-24-27-torune-lenkija\/","title":{"rendered":"Tarptautin\u0117 akustin\u0117s optikos ir taikym\u0173 mokykla. 2019 m. bir\u017eelio 24-27, Torun\u0117, Lenkija"},"content":{"rendered":"<p><img loading=\"lazy\" decoding=\"async\" class=\"aligncenter wp-image-1419 size-full\" src=\"https:\/\/las-akustika.lt\/wp-content\/uploads\/2018\/11\/Akustin\u0117s-optikos-mokykla-2018.png\" alt=\"\" width=\"940\" height=\"93\" srcset=\"https:\/\/las-akustika.lt\/wp-content\/uploads\/2018\/11\/Akustin\u0117s-optikos-mokykla-2018.png 940w, https:\/\/las-akustika.lt\/wp-content\/uploads\/2018\/11\/Akustin\u0117s-optikos-mokykla-2018-300x30.png 300w, https:\/\/las-akustika.lt\/wp-content\/uploads\/2018\/11\/Akustin\u0117s-optikos-mokykla-2018-768x76.png 768w\" sizes=\"auto, (max-width: 940px) 100vw, 940px\" \/><\/p>\n<p>&nbsp;<\/p>\n<p><strong>14-oji akustin\u0117s optikos ir taikym\u0173 mokykla<\/strong> prat\u0119sia beveik 40-imt met\u0173 organizuojam\u0173 susitikim\u0173 tradicij\u0105. Konferencijoje daugiausia d\u0117mesio skiriama visiems fiziniams \u0161viesos ir garso s\u0105veikos aspektams, taip pat pateikiama naujausi\u0173 grynosios ir taikomosios akustin\u0117s optikos ap\u017evalga. 14-oji mokykla yra jaun\u0173j\u0173 mokslinink\u0173 ir ekspert\u0173 platforma, skirta keistis id\u0117jomis, kurti arba vystyti naujas, skatinti nuolatin\u012f bendradarbiavim\u0105.<\/p>\n<p>Programa bus sudaryta i\u0161 plenarini\u0173, kviestini\u0173 ir \u012fprast\u0173 prane\u0161im\u0173.<\/p>\n<p>Pa\u017eym\u0117tina, kad 12-oji tarptautin\u0117 mokykla 2014 metais pirm\u0105 kart\u0105 \u012fvyko Lietuvoje, Druskininkuose.<\/p>\n<p>&nbsp;<\/p>\n<p>Daugiau informacijos apie rengin\u012f <a href=\"http:\/\/saoa.fizyka.umk.pl\/general.html\" target=\"_blank\" rel=\"noopener\">rasite \u010dia..<\/a><\/p>\n<p>&nbsp;<\/p>\n","protected":false},"excerpt":{"rendered":"<p>&nbsp; 14-oji akustin\u0117s optikos ir taikym\u0173 mokykla prat\u0119sia beveik 40-imt met\u0173 organizuojam\u0173 susitikim\u0173 tradicij\u0105. Konferencijoje daugiausia d\u0117mesio skiriama visiems fiziniams \u0161viesos ir garso s\u0105veikos aspektams, taip pat pateikiama naujausi\u0173 grynosios ir taikomosios akustin\u0117s optikos ap\u017evalga. 14-oji mokykla yra jaun\u0173j\u0173 mokslinink\u0173&#8230;<br \/><a class=\"read-more-button\" href=\"https:\/\/las-akustika.lt\/index.php\/2018\/11\/14\/tarptautine-akustines-optikos-ir-taikymu-mokykla-2019-m-birzelio-24-27-torune-lenkija\/\">Skaityti  daugiau<\/a><\/p>\n","protected":false},"author":1,"featured_media":0,"comment_status":"closed","ping_status":"closed","sticky":false,"template":"","format":"standard","meta":{"footnotes":""},"categories":[7],"tags":[11],"class_list":["post-1418","post","type-post","status-publish","format-standard","hentry","category-naujienos","tag-renginys"],"_links":{"self":[{"href":"https:\/\/las-akustika.lt\/index.php\/wp-json\/wp\/v2\/posts\/1418","targetHints":{"allow":["GET"]}}],"collection":[{"href":"https:\/\/las-akustika.lt\/index.php\/wp-json\/wp\/v2\/posts"}],"about":[{"href":"https:\/\/las-akustika.lt\/index.php\/wp-json\/wp\/v2\/types\/post"}],"author":[{"embeddable":true,"href":"https:\/\/las-akustika.lt\/index.php\/wp-json\/wp\/v2\/users\/1"}],"replies":[{"embeddable":true,"href":"https:\/\/las-akustika.lt\/index.php\/wp-json\/wp\/v2\/comments?post=1418"}],"version-history":[{"count":2,"href":"https:\/\/las-akustika.lt\/index.php\/wp-json\/wp\/v2\/posts\/1418\/revisions"}],"predecessor-version":[{"id":1421,"href":"https:\/\/las-akustika.lt\/index.php\/wp-json\/wp\/v2\/posts\/1418\/revisions\/1421"}],"wp:attachment":[{"href":"https:\/\/las-akustika.lt\/index.php\/wp-json\/wp\/v2\/media?parent=1418"}],"wp:term":[{"taxonomy":"category","embeddable":true,"href":"https:\/\/las-akustika.lt\/index.php\/wp-json\/wp\/v2\/categories?post=1418"},{"taxonomy":"post_tag","embeddable":true,"href":"https:\/\/las-akustika.lt\/index.php\/wp-json\/wp\/v2\/tags?post=1418"}],"curies":[{"name":"wp","href":"https:\/\/api.w.org\/{rel}","templated":true}]}}