{"id":1666,"date":"2019-04-29T15:18:07","date_gmt":"2019-04-29T13:18:07","guid":{"rendered":"http:\/\/las-akustika.lt\/?p=1666"},"modified":"2022-03-01T16:12:14","modified_gmt":"2022-03-01T14:12:14","slug":"26-asis-tarptautinis-garso-ir-vibraciju-kongresas-icsv26","status":"publish","type":"post","link":"https:\/\/las-akustika.lt\/index.php\/2019\/04\/29\/26-asis-tarptautinis-garso-ir-vibraciju-kongresas-icsv26\/","title":{"rendered":"26-asis tarptautinis garso ir vibracij\u0173 kongresas (ICSV26)"},"content":{"rendered":"\n<p><\/p>\n\n\n\n<p>Tarptautinis akustikos ir vibracij\u0173 institutas (IIAV) ir Kanados akustik\u0173 asociacija (CAA) maloniai kvie\u010dia viso pasaulio mokslininkus ir in\u017einierius dalyvauti <strong><em>26-ajame Tarptautiniame garso ir vibracij\u0173 kongrese (ICSV26)<\/em><\/strong>, kuris \u012fvyks <strong>2019&nbsp;m. liepos 7-11 dienomis<\/strong> Monrealyje (Kanada).<\/p>\n\n\n\n<p>Konferencijai yra pateikta\ndaugiau kaip 1000 prane\u0161im\u0173 santrauk\u0173. <\/p>\n\n\n\n<p>Kasmetinis IIAV\norganizuojamas kongresas yra pirmaujantis renginys akustikos ir vibracij\u0173\nmokslo srityje. Kongresas suteikia galimyb\u0119 mokslininkams ir in\u017einieriams\npasidalinti naujausiais tyrim\u0173 rezultatais, id\u0117jomis, technologijomis ir j\u0173\npritaikymu \u012fvairiose akustikos srityse.<\/p>\n\n\n\n<p>Renginio ICSV26 tinklapis: <a href=\"http:\/\/www.icsv26.org\" target=\"_blank\" rel=\"noreferrer noopener\" aria-label=\"www.icsv26.org (opens in a new tab)\">www.icsv26.org<\/a><\/p>\n","protected":false},"excerpt":{"rendered":"<p>Tarptautinis akustikos ir vibracij\u0173 institutas (IIAV) ir Kanados akustik\u0173 asociacija (CAA) maloniai kvie\u010dia viso pasaulio mokslininkus ir in\u017einierius dalyvauti 26-ajame Tarptautiniame garso ir vibracij\u0173 kongrese (ICSV26), kuris \u012fvyks 2019&nbsp;m. liepos 7-11 dienomis Monrealyje (Kanada). Konferencijai yra pateikta daugiau kaip 1000&#8230;<br \/><a class=\"read-more-button\" href=\"https:\/\/las-akustika.lt\/index.php\/2019\/04\/29\/26-asis-tarptautinis-garso-ir-vibraciju-kongresas-icsv26\/\">Skaityti  daugiau<\/a><\/p>\n","protected":false},"author":1,"featured_media":1668,"comment_status":"closed","ping_status":"closed","sticky":false,"template":"","format":"standard","meta":{"footnotes":""},"categories":[7],"tags":[17,14,39],"class_list":["post-1666","post","type-post","status-publish","format-standard","has-post-thumbnail","hentry","category-naujienos","tag-garsas","tag-kongresas","tag-vibracija"],"_links":{"self":[{"href":"https:\/\/las-akustika.lt\/index.php\/wp-json\/wp\/v2\/posts\/1666","targetHints":{"allow":["GET"]}}],"collection":[{"href":"https:\/\/las-akustika.lt\/index.php\/wp-json\/wp\/v2\/posts"}],"about":[{"href":"https:\/\/las-akustika.lt\/index.php\/wp-json\/wp\/v2\/types\/post"}],"author":[{"embeddable":true,"href":"https:\/\/las-akustika.lt\/index.php\/wp-json\/wp\/v2\/users\/1"}],"replies":[{"embeddable":true,"href":"https:\/\/las-akustika.lt\/index.php\/wp-json\/wp\/v2\/comments?post=1666"}],"version-history":[{"count":8,"href":"https:\/\/las-akustika.lt\/index.php\/wp-json\/wp\/v2\/posts\/1666\/revisions"}],"predecessor-version":[{"id":2260,"href":"https:\/\/las-akustika.lt\/index.php\/wp-json\/wp\/v2\/posts\/1666\/revisions\/2260"}],"wp:featuredmedia":[{"embeddable":true,"href":"https:\/\/las-akustika.lt\/index.php\/wp-json\/wp\/v2\/media\/1668"}],"wp:attachment":[{"href":"https:\/\/las-akustika.lt\/index.php\/wp-json\/wp\/v2\/media?parent=1666"}],"wp:term":[{"taxonomy":"category","embeddable":true,"href":"https:\/\/las-akustika.lt\/index.php\/wp-json\/wp\/v2\/categories?post=1666"},{"taxonomy":"post_tag","embeddable":true,"href":"https:\/\/las-akustika.lt\/index.php\/wp-json\/wp\/v2\/tags?post=1666"}],"curies":[{"name":"wp","href":"https:\/\/api.w.org\/{rel}","templated":true}]}}