{"id":2010,"date":"2020-09-04T13:27:49","date_gmt":"2020-09-04T11:27:49","guid":{"rendered":"http:\/\/las-akustika.lt\/?p=2010"},"modified":"2022-03-01T15:39:25","modified_gmt":"2022-03-01T13:39:25","slug":"konferencija-apie-vejo-jegainiu-keliama-triuksma","status":"publish","type":"post","link":"https:\/\/las-akustika.lt\/index.php\/2020\/09\/04\/konferencija-apie-vejo-jegainiu-keliama-triuksma\/","title":{"rendered":"Konferencija apie v\u0117jo j\u0117gaini\u0173 keliam\u0105 triuk\u0161m\u0105"},"content":{"rendered":"\n<p>Vilniaus universiteto profesorius habilituotas daktaras ir Lietuvos akustik\u0173 s\u0105jungos viceprezidentas Daumantas \u010ciplys 2020 met\u0173 liepos m\u0117nes\u012f dalyvavo konferencijoje <strong>\u201eV\u0117jo energetika \u2013 mitai ir faktai\u201c<\/strong>, kurios dalyviams perskait\u0117 prane\u0161im\u0105 \u201eV\u0117jo j\u0117gaini\u0173 infragarsas\u201c. Konferencijos vykusios Kelm\u0117je organizatorius UAB \u201eArchstudija\u201c. Dalinam\u0117s prane\u0161imo informacija.<\/p>\n\n\n\n<p>Prane\u0161imo pristatym\u0105 rasite \u010dia: <a href=\"https:\/\/las-akustika.lt\/wp-content\/uploads\/2020\/09\/3_D_Ciplys-Archstudija.pdf\" target=\"_blank\" rel=\"noreferrer noopener\">v\u0117jo j\u0117gaini\u0173 infragarsas<\/a> <\/p>\n\n\n\n<p><\/p>\n","protected":false},"excerpt":{"rendered":"<p>Vilniaus universiteto profesorius habilituotas daktaras ir Lietuvos akustik\u0173 s\u0105jungos viceprezidentas Daumantas \u010ciplys 2020 met\u0173 liepos m\u0117nes\u012f dalyvavo konferencijoje \u201eV\u0117jo energetika \u2013 mitai ir faktai\u201c, kurios dalyviams perskait\u0117 prane\u0161im\u0105 \u201eV\u0117jo j\u0117gaini\u0173 infragarsas\u201c. Konferencijos vykusios Kelm\u0117je organizatorius UAB \u201eArchstudija\u201c. Dalinam\u0117s prane\u0161imo informacija&#8230;.<br \/><a class=\"read-more-button\" href=\"https:\/\/las-akustika.lt\/index.php\/2020\/09\/04\/konferencija-apie-vejo-jegainiu-keliama-triuksma\/\">Skaityti  daugiau<\/a><\/p>\n","protected":false},"author":1,"featured_media":2026,"comment_status":"closed","ping_status":"closed","sticky":false,"template":"","format":"standard","meta":{"footnotes":""},"categories":[7],"tags":[6,39],"class_list":["post-2010","post","type-post","status-publish","format-standard","has-post-thumbnail","hentry","category-naujienos","tag-triuksmas","tag-vibracija"],"_links":{"self":[{"href":"https:\/\/las-akustika.lt\/index.php\/wp-json\/wp\/v2\/posts\/2010","targetHints":{"allow":["GET"]}}],"collection":[{"href":"https:\/\/las-akustika.lt\/index.php\/wp-json\/wp\/v2\/posts"}],"about":[{"href":"https:\/\/las-akustika.lt\/index.php\/wp-json\/wp\/v2\/types\/post"}],"author":[{"embeddable":true,"href":"https:\/\/las-akustika.lt\/index.php\/wp-json\/wp\/v2\/users\/1"}],"replies":[{"embeddable":true,"href":"https:\/\/las-akustika.lt\/index.php\/wp-json\/wp\/v2\/comments?post=2010"}],"version-history":[{"count":12,"href":"https:\/\/las-akustika.lt\/index.php\/wp-json\/wp\/v2\/posts\/2010\/revisions"}],"predecessor-version":[{"id":2028,"href":"https:\/\/las-akustika.lt\/index.php\/wp-json\/wp\/v2\/posts\/2010\/revisions\/2028"}],"wp:featuredmedia":[{"embeddable":true,"href":"https:\/\/las-akustika.lt\/index.php\/wp-json\/wp\/v2\/media\/2026"}],"wp:attachment":[{"href":"https:\/\/las-akustika.lt\/index.php\/wp-json\/wp\/v2\/media?parent=2010"}],"wp:term":[{"taxonomy":"category","embeddable":true,"href":"https:\/\/las-akustika.lt\/index.php\/wp-json\/wp\/v2\/categories?post=2010"},{"taxonomy":"post_tag","embeddable":true,"href":"https:\/\/las-akustika.lt\/index.php\/wp-json\/wp\/v2\/tags?post=2010"}],"curies":[{"name":"wp","href":"https:\/\/api.w.org\/{rel}","templated":true}]}}