{"id":2095,"date":"2021-06-29T14:51:55","date_gmt":"2021-06-29T12:51:55","guid":{"rendered":"http:\/\/las-akustika.lt\/?p=2095"},"modified":"2022-11-15T14:54:30","modified_gmt":"2022-11-15T12:54:30","slug":"europos-akustiku-darbo-muge","status":"publish","type":"post","link":"https:\/\/las-akustika.lt\/index.php\/2021\/06\/29\/europos-akustiku-darbo-muge\/","title":{"rendered":"Europos akustik\u0173 darbo mug\u0117"},"content":{"rendered":"\n<p><\/p>\n\n\n\n<div class=\"wp-block-group\"><div class=\"wp-block-group__inner-container is-layout-flow wp-block-group-is-layout-flow\">\n<p class=\"has-text-align-center\"><img loading=\"lazy\" decoding=\"async\" width=\"150\" height=\"150\" class=\"wp-image-2093\" style=\"width: 150px;\" src=\"https:\/\/las-akustika.lt\/wp-content\/uploads\/2021\/06\/ForumLaboris_logo.jpg\" alt=\"\" srcset=\"https:\/\/las-akustika.lt\/wp-content\/uploads\/2021\/06\/ForumLaboris_logo.jpg 384w, https:\/\/las-akustika.lt\/wp-content\/uploads\/2021\/06\/ForumLaboris_logo-300x300.jpg 300w, https:\/\/las-akustika.lt\/wp-content\/uploads\/2021\/06\/ForumLaboris_logo-150x150.jpg 150w\" sizes=\"auto, (max-width: 150px) 100vw, 150px\" \/>     <img loading=\"lazy\" decoding=\"async\" width=\"200\" height=\"132\" class=\"wp-image-2094\" style=\"width: 200px;\" src=\"https:\/\/las-akustika.lt\/wp-content\/uploads\/2021\/06\/logo_YAN.png\" alt=\"\" srcset=\"https:\/\/las-akustika.lt\/wp-content\/uploads\/2021\/06\/logo_YAN.png 768w, https:\/\/las-akustika.lt\/wp-content\/uploads\/2021\/06\/logo_YAN-300x198.png 300w\" sizes=\"auto, (max-width: 200px) 100vw, 200px\" \/><\/p>\n<\/div><\/div>\n\n\n\n<p class=\"has-text-align-center has-luminous-vivid-amber-background-color has-background has-small-font-size\"><strong>\u201eForum LABORIS\u201c vyks 2022 met\u0173 gegu\u017e\u0117s 16-19 dienomis (2021 m. rugs\u0117jo m\u0117nesio laida atid\u0117ta).<\/strong><\/p>\n\n\n\n<p class=\"has-text-align-left\">Europos akustik\u0173 asociacija (EAA), atsi\u017evelgdama \u012f susidariusi\u0105 situacij\u0105 d\u0117l karantino ir apribojim\u0173, nusprend\u0117 organizuoti Europos akustik\u0173 darbo mug\u0119&nbsp;\u2013&nbsp;<em><strong>platform\u0105 Forum Laboris<\/strong><\/em><strong> <\/strong>(<a rel=\"noreferrer noopener\" href=\"https:\/\/www.gather.town\/\" target=\"_blank\">https:\/\/www.gather.town\/<\/a>). Iniciatyva apims informacinius ir dalykinius susitikimus, kuri\u0173 tikslas yra pad\u0117ti u\u017emegzti kontakt\u0105 tarp potenciali\u0173 darbuotoj\u0173 ir darbdavi\u0173.<\/p>\n\n\n\n<p>Planuojama, kad mug\u0117 vyks <strong>2021 met\u0173 rugs\u0117jo 14-15 <\/strong>dienomis.<\/p>\n\n\n\n<p> Dabartiniame etape skelbimas labiau orientuotas \u012f potencialius darbdavius. Jeigu susidom\u0117jote ar turite klausim\u0173, kvie\u010diame kreiptis i\u0161siun\u010diant \u017einut\u0119 kontakt\u0173 skiltyje.<\/p>\n\n\n\n<p><\/p>\n\n\n\n<p><\/p>\n","protected":false},"excerpt":{"rendered":"<p>\u201eForum LABORIS\u201c vyks 2022 met\u0173 gegu\u017e\u0117s 16-19 dienomis (2021 m. rugs\u0117jo m\u0117nesio laida atid\u0117ta). Europos akustik\u0173 asociacija (EAA), atsi\u017evelgdama \u012f susidariusi\u0105 situacij\u0105 d\u0117l karantino ir apribojim\u0173, nusprend\u0117 organizuoti Europos akustik\u0173 darbo mug\u0119&nbsp;\u2013&nbsp;platform\u0105 Forum Laboris (https:\/\/www.gather.town\/). Iniciatyva apims informacinius ir dalykinius&#8230;<br \/><a class=\"read-more-button\" href=\"https:\/\/las-akustika.lt\/index.php\/2021\/06\/29\/europos-akustiku-darbo-muge\/\">Skaityti  daugiau<\/a><\/p>\n","protected":false},"author":1,"featured_media":0,"comment_status":"closed","ping_status":"closed","sticky":false,"template":"","format":"standard","meta":{"footnotes":""},"categories":[7],"tags":[38],"class_list":["post-2095","post","type-post","status-publish","format-standard","hentry","category-naujienos","tag-muge-lt"],"_links":{"self":[{"href":"https:\/\/las-akustika.lt\/index.php\/wp-json\/wp\/v2\/posts\/2095","targetHints":{"allow":["GET"]}}],"collection":[{"href":"https:\/\/las-akustika.lt\/index.php\/wp-json\/wp\/v2\/posts"}],"about":[{"href":"https:\/\/las-akustika.lt\/index.php\/wp-json\/wp\/v2\/types\/post"}],"author":[{"embeddable":true,"href":"https:\/\/las-akustika.lt\/index.php\/wp-json\/wp\/v2\/users\/1"}],"replies":[{"embeddable":true,"href":"https:\/\/las-akustika.lt\/index.php\/wp-json\/wp\/v2\/comments?post=2095"}],"version-history":[{"count":18,"href":"https:\/\/las-akustika.lt\/index.php\/wp-json\/wp\/v2\/posts\/2095\/revisions"}],"predecessor-version":[{"id":2409,"href":"https:\/\/las-akustika.lt\/index.php\/wp-json\/wp\/v2\/posts\/2095\/revisions\/2409"}],"wp:attachment":[{"href":"https:\/\/las-akustika.lt\/index.php\/wp-json\/wp\/v2\/media?parent=2095"}],"wp:term":[{"taxonomy":"category","embeddable":true,"href":"https:\/\/las-akustika.lt\/index.php\/wp-json\/wp\/v2\/categories?post=2095"},{"taxonomy":"post_tag","embeddable":true,"href":"https:\/\/las-akustika.lt\/index.php\/wp-json\/wp\/v2\/tags?post=2095"}],"curies":[{"name":"wp","href":"https:\/\/api.w.org\/{rel}","templated":true}]}}