{"id":732,"date":"2017-04-24T15:59:24","date_gmt":"2017-04-24T13:59:24","guid":{"rendered":"http:\/\/las-akustika.lt\/?p=732"},"modified":"2022-03-01T17:15:52","modified_gmt":"2022-03-01T15:15:52","slug":"kvietimas-i-rengini","status":"publish","type":"post","link":"https:\/\/las-akustika.lt\/index.php\/2017\/04\/24\/kvietimas-i-rengini\/","title":{"rendered":"Kvietimas \u012f rengin\u012f"},"content":{"rendered":"<p><img loading=\"lazy\" decoding=\"async\" class=\"size-thumbnail wp-image-649 aligncenter\" src=\"https:\/\/las-akustika.lt\/wp-content\/uploads\/2017\/03\/logo_INAD2017-color-150x150.png\" alt=\"INAD 2017\" width=\"150\" height=\"150\">Maloniai kvie\u010diame dalyvauti <strong>22-osios Tarptautin\u0117s triuk\u0161mo suvokimo dienos<\/strong> min\u0117jimo renginyje, kuris \u012fvyks <strong>2017 m. baland\u017eio 26 d.<\/strong> (tre\u010diadien\u012f) Vilniaus Gedimino technikos universitete (VGTU). \u0160i\u0105 dien\u0105 siekiama atkreipti gyventoj\u0173 d\u0117mes\u012f \u012f neigiam\u0105 ilgai trunkan\u010dio triuk\u0161mo poveik\u012f ir informuoti juos, kad tai n\u0117ra vien tik trikdymas.<br \/>\nRenginio prad\u017eia: 10.00 val. Dalyvi\u0173 registracija nuo 9.30 val.<br \/>\nVieta: Pylimo g. 26\/1, VGTU Architekt\u016bros fakultetas, Vaizdo konferencij\u0173 sal\u0117 (4 auk\u0161tas).<br \/>\nRegistracija. Dalyvavimas renginyje nemokamas, viet\u0173 skai\u010dius ribotas. Ketinan\u010di\u0173 dalyvauti maloniai pra\u0161ome registruotis el. pa\u0161tu: <a href=\"mailto:triuksmas2017@gmail.com\">triuksmas2017@gmail.com<\/a>.<\/p>\n<p><a href=\"https:\/\/las-akustika.lt\/wp-content\/uploads\/2017\/04\/Renginio-programa.pdf\">Renginio programa<\/a><\/p>\n<p>Organizacinio komiteto vardu,<br \/>\ndr. Marius Mickaitis<br \/>\nLietuvos akustik\u0173 s\u0105jungos (LAS) prezidentas<\/p>\n","protected":false},"excerpt":{"rendered":"<p>Maloniai kvie\u010diame dalyvauti 22-osios Tarptautin\u0117s triuk\u0161mo suvokimo dienos min\u0117jimo renginyje, kuris \u012fvyks 2017 m. baland\u017eio 26 d. (tre\u010diadien\u012f) Vilniaus Gedimino technikos universitete (VGTU). \u0160i\u0105 dien\u0105 siekiama atkreipti gyventoj\u0173 d\u0117mes\u012f \u012f neigiam\u0105 ilgai trunkan\u010dio triuk\u0161mo poveik\u012f ir informuoti juos, kad tai&#8230;<br \/><a class=\"read-more-button\" href=\"https:\/\/las-akustika.lt\/index.php\/2017\/04\/24\/kvietimas-i-rengini\/\">Skaityti  daugiau<\/a><\/p>\n","protected":false},"author":1,"featured_media":0,"comment_status":"closed","ping_status":"closed","sticky":false,"template":"","format":"standard","meta":{"footnotes":""},"categories":[7],"tags":[40],"class_list":["post-732","post","type-post","status-publish","format-standard","hentry","category-naujienos","tag-inad"],"_links":{"self":[{"href":"https:\/\/las-akustika.lt\/index.php\/wp-json\/wp\/v2\/posts\/732","targetHints":{"allow":["GET"]}}],"collection":[{"href":"https:\/\/las-akustika.lt\/index.php\/wp-json\/wp\/v2\/posts"}],"about":[{"href":"https:\/\/las-akustika.lt\/index.php\/wp-json\/wp\/v2\/types\/post"}],"author":[{"embeddable":true,"href":"https:\/\/las-akustika.lt\/index.php\/wp-json\/wp\/v2\/users\/1"}],"replies":[{"embeddable":true,"href":"https:\/\/las-akustika.lt\/index.php\/wp-json\/wp\/v2\/comments?post=732"}],"version-history":[{"count":5,"href":"https:\/\/las-akustika.lt\/index.php\/wp-json\/wp\/v2\/posts\/732\/revisions"}],"predecessor-version":[{"id":2280,"href":"https:\/\/las-akustika.lt\/index.php\/wp-json\/wp\/v2\/posts\/732\/revisions\/2280"}],"wp:attachment":[{"href":"https:\/\/las-akustika.lt\/index.php\/wp-json\/wp\/v2\/media?parent=732"}],"wp:term":[{"taxonomy":"category","embeddable":true,"href":"https:\/\/las-akustika.lt\/index.php\/wp-json\/wp\/v2\/categories?post=732"},{"taxonomy":"post_tag","embeddable":true,"href":"https:\/\/las-akustika.lt\/index.php\/wp-json\/wp\/v2\/tags?post=732"}],"curies":[{"name":"wp","href":"https:\/\/api.w.org\/{rel}","templated":true}]}}